{"provider_url": "https://www.tangaradaserra.mt.leg.br", "title": "AUDI\u00caNCIA P\u00daBLICA ADIADA", "html": "<p>\u00a0</p>\r\n<p>\u00a0</p>\r\n<p>Comunicamos que em aten\u00e7\u00e3o a orienta\u00e7\u00f5es do Minist\u00e9rio da Sa\u00fade encaminhadas aos \u00f3rg\u00e3os p\u00fablicos de todo o Pa\u00eds, foi decidido pelo adiamento da Audi\u00eancia P\u00fablica para tratar sobre animais em situa\u00e7\u00e3o de rua e temas correlatos no munic\u00edpio de Tangar\u00e1 da Serra. Uma nova data dever\u00e1 ser marcada e comunicada. Reafirmamos nosso compromisso com um ambiente seguro e saud\u00e1vel, e nossa preocupa\u00e7\u00e3o com a sa\u00fade p\u00fablica.</p>\r\n<p>\u00a0</p>\r\n<p>*Assessoria de Imprensa*</p>", "author_name": "", "version": "1.0", "author_url": "https://www.tangaradaserra.mt.leg.br/author/marcos", "provider_name": "C\u00e2mara Municipal de Tangar\u00e1 da Serra", "type": "rich"}