{"provider_url": "https://www.tangaradaserra.mt.leg.br", "title": "Dia da Independ\u00eancia do Brasil: 7 de setembro", "html": "<p>Popularmente conhecido como \u00a0\u20187 de setembro\u2019, a data \u00e9 um feriado nacional, tamb\u00e9m chamado de \u2018Dia da P\u00e1tria\u2019, uma das celebra\u00e7\u00f5es mais importantes e significativas para o Pa\u00eds.</p>\r\n<p>Neste dia no ano de 1922, Dom Pedro I, \u00e0s margens do Rio Ipiranga (atual cidade de S\u00e3o Paulo), foi protagonista de um marco da nossa hist\u00f3ria; deu o \u201cgrito da independ\u00eancia\u201d, rompendo a liga\u00e7\u00e3o com Portugal, e assim, o Brasil deixou de ser uma col\u00f4nia portuguesa e se tornou uma na\u00e7\u00e3o independente.\u00a0<span>Durante o\u00a0governo de Eurico Gaspar Dutra, o primeiro presidente do Brasil ap\u00f3s a\u00a0ditadura de Vargas, o 7 de setembro, foi institu\u00eddo feriado nacional no calend\u00e1rio brasileiro, lei refor\u00e7ada e modificada no\u00a0governo de Fernando Henrique Cardoso.</span></p>\r\n<p>Marcado por comemora\u00e7\u00f5es p\u00fablicas em todo o Pa\u00eds, a data \u00e9 celebrada atrav\u00e9s de desfiles c\u00edvicos que envolvem em especial, a comunidade escolar.\u00a0Em Tangar\u00e1 da Serra a marcha ocorreria na Avenida Brasil, mas devido as condi\u00e7\u00f5es clim\u00e1ticas, a organiza\u00e7\u00e3o cancelou o evento (Decreto n\u00b0534). Conforme a previs\u00e3o meteorol\u00f3gica a temperatura m\u00e1xima ser\u00e1 de 39\u00b0C para este s\u00e1bado, 7 de setembro e considerando os riscos \u00e0 sa\u00fade da popula\u00e7\u00e3o devido \u00e0 combina\u00e7\u00e3o de altas temperaturas e baixa umidade do ar, o desfile foi CANCELADO.</p>\r\n<p>\u00a0</p>\r\n<p>\u00a0</p>\r\n<div><b>Texto: Larissa Grella - ASCOM/CM - Jornalista (MTB-2257/MT)</b></div>\r\n<p>\u00a0</p>", "author_name": "", "version": "1.0", "author_url": "https://www.tangaradaserra.mt.leg.br/author/Larissa", "provider_name": "C\u00e2mara Municipal de Tangar\u00e1 da Serra", "type": "rich"}